{"id":4248,"date":"2025-01-20T14:58:56","date_gmt":"2025-01-20T14:58:56","guid":{"rendered":"https:\/\/new.extraplast.com.br\/?p=4248"},"modified":"2025-05-21T14:07:12","modified_gmt":"2025-05-21T14:07:12","slug":"conheca-nossa-historia-ha-15-anos-tendo-olhos-para-o-agro","status":"publish","type":"post","link":"https:\/\/extraplast.com.br\/es\/blog\/conheca-nossa-historia-ha-15-anos-tendo-olhos-para-o-agro\/","title":{"rendered":"Conhe\u00e7a nossa hist\u00f3ria: H\u00e1 15 anos tendo olhos para o Agro"},"content":{"rendered":"<p>H\u00e1 15 anos, iniciamos nossa hist\u00f3ria com um prop\u00f3sito claro: ser mais que uma fabricante de produtos pl\u00e1sticos.<\/p>\n<p>Nosso olhar apaixonado sempre esteve no campo, nas necessidades dos agricultores e nas inova\u00e7\u00f5es que podem proteger cultivos..<\/p>\n<p>Ao longo desses anos, evolu\u00edmos juntos ao agroneg\u00f3cio brasileiro, oferecendo solu\u00e7\u00f5es que combinam tecnologia e compromisso com a sustentabilidade.<\/p>\n<p>Hoje, vamos te contar o que vivemos e como chegamos at\u00e9 aqui. Continue a leitura.<\/p>\n<h2>Nossa paix\u00e3o pelo Agro<\/h2>\n<p>Come\u00e7amos nossas atividades em 2009, voltadas ao processo de industrializa\u00e7\u00e3o de polietileno.<\/p>\n<p>Nossa primeira linha de produtos foi focada em sacos e filme termoencolh\u00edvel, destinados a atender a demanda crescente do mercado agr\u00edcola, com solu\u00e7\u00f5es pr\u00e1ticas e de alta qualidade.<\/p>\n<p>Desde o in\u00edcio, sab\u00edamos que o sucesso estaria ligado \u00e0 nossa capacidade de entender as necessidades reais do campo.<\/p>\n<p>At\u00e9 porque, quer\u00edamos entregar solu\u00e7\u00f5es que fizessem a diferen\u00e7a na vida do produtor rural.<\/p>\n<p>A paix\u00e3o pela agricultura e o compromisso com o setor nos motivaram a criar produtos que protegessem os cultivos, e garantissem a efici\u00eancia no armazenamento de silagem, fena\u00e7\u00e3o e outros produtos essenciais.<\/p>\n<p>Entendemos, ent\u00e3o, que o Brasil \u2014 com sua diversidade de climas e terrenos \u2014 exigia mais do que solu\u00e7\u00f5es padr\u00e3o.<\/p>\n<p>Era preciso criar produtos resistentes, dur\u00e1veis e, acima de tudo, adaptados \u00e0s condi\u00e7\u00f5es extremas que os agricultores enfrentam.<\/p>\n<p>E assim, nos consolidamos como um parceiro para produtores, sempre movidos pelo amor de contribuir para o crescimento e a sustentabilidade da agricultura brasileira.<\/p>\n<h2>Desafios e supera\u00e7\u00f5es<\/h2>\n<p>No come\u00e7o, o caminho n\u00e3o foi f\u00e1cil.<\/p>\n<p>Como em qualquer jornada empresarial, tivemos que enfrentar desafios: desde a adapta\u00e7\u00e3o aos processos produtivos at\u00e9 o estabelecimento de nossa identidade no mercado.<\/p>\n<p>Mas, para cada obst\u00e1culo, nos fortalecemos mais, aprimorando nossos produtos, investindo em inova\u00e7\u00e3o para melhorar a efici\u00eancia de nossas solu\u00e7\u00f5es.<\/p>\n<p>Foi ent\u00e3o que, ao longo do tempo, entendemos que a chave para o sucesso no agro estava na combina\u00e7\u00e3o da experi\u00eancia pr\u00e1tica com a tecnologia.<\/p>\n<p>Com isso, em 2010, implementamos nossa tecnologia de 7 camadas, que permitiu criar produtos mais resistentes para as diversas demandas do campo.<\/p>\n<p>Isso representou uma revolu\u00e7\u00e3o no setor, j\u00e1 que a resist\u00eancia e a durabilidade se tornaram diferenciais no mercado, conquistando a confian\u00e7a dos produtores.<\/p>\n<h2>A Extraplast no topo do mercado<\/h2>\n<p>Em 2016, ampliamos nosso <a href=\"https:\/\/extraplast.com.br\/es\/\">portf\u00f3lio de produtos<\/a> para atender melhor \u00e0s demandas do mercado agr\u00edcola.<\/p>\n<p>Com a amplia\u00e7\u00e3o do portf\u00f3lio, reafirmamos nosso compromisso em proporcionar solu\u00e7\u00f5es completas para o agro brasileiro.<\/p>\n<p>Investimos em pesquisa e desenvolvimento para criar solu\u00e7\u00f5es que atendam \u00e0s necessidades espec\u00edficas do setor, sempre com um olhar atento \u00e0 sustentabilidade e \u00e0 preserva\u00e7\u00e3o do meio ambiente.<\/p>\n<p>Nossa linha de produtos evoluiu para incluir solu\u00e7\u00f5es mais sofisticadas, como lonas para prote\u00e7\u00e3o de cultivos, pel\u00edculas para armazenamento e coberturas para silagem, todas utilizando a tecnologia de 7 camadas.<\/p>\n<p>Essa inova\u00e7\u00e3o oferece vantagens como maior controle de temperatura, prote\u00e7\u00e3o contra intemp\u00e9ries e maior prote\u00e7\u00e3o contra a a\u00e7\u00e3o de agentes externos.<\/p>\n<p>Isso contribui diretamente para a redu\u00e7\u00e3o de custos e aumento da produtividade no campo, ajudando os agricultores a aumentar seus resultados.<\/p>\n<h2>Nosso compromisso com o Agro e com o Brasil<\/h2>\n<p>Nosso crescimento est\u00e1 ligado ao crescimento do agroneg\u00f3cio brasileiro.<\/p>\n<p>O ano de 2018 foi um marco importante para n\u00f3s, com a inaugura\u00e7\u00e3o do nosso primeiro Centro de Distribui\u00e7\u00e3o (CD), localizado em Holambra\/SP.<\/p>\n<p>Com 700m\u00b2 e capacidade de armazenamento de 200 toneladas, essa infraestrutura permitiu que pud\u00e9ssemos atender nossos clientes de forma mais eficiente, garantindo agilidade na entrega e distribui\u00e7\u00e3o dos nossos produtos para todo o Brasil.<\/p>\n<p>O que come\u00e7ou como uma empresa de pequeno porte, hoje \u00e9 um nome respeitado em todo o Brasil, com presen\u00e7a forte no mercado de pl\u00e1sticos para o setor agro.<\/p>\n<p>Acreditamos no potencial do Brasil como pot\u00eancia agr\u00edcola e, por isso, trabalhamos com seriedade e dedica\u00e7\u00e3o para entregar solu\u00e7\u00f5es que atendem a todas as regi\u00f5es do pa\u00eds \u2014 seja no cerrado, no sul, no nordeste ou no centro-oeste.<\/p>\n<p>Em 2019, mais um grande passo foi dado: passamos a comercializar o Silo-Bolsa, uma solu\u00e7\u00e3o inovadora para o armazenamento de gr\u00e3os.<\/p>\n<p>Essa linha foi um sucesso, pois proporcionou aos produtores rurais uma maneira segura e econ\u00f4mica de preservar a qualidade da produ\u00e7\u00e3o agr\u00edcola, especialmente em tempos de colheitas abundantes.<\/p>\n<p>Em 2021, consolidamos a linha de fena\u00e7\u00e3o e silagem com o lan\u00e7amento do Siloplus, um produto que se destacaria por sua qualidade superior e efici\u00eancia para armazenar feno e silagem.<\/p>\n<p>A linha cresceu e passou a ser uma das mais procuradas pelos produtores, refletindo a confian\u00e7a que o mercado passou a ter nos produtos Extraplast.<\/p>\n<p>Quer conhecer um pouco mais da nossa linha do tempo?<\/p>\n<p><a href=\"https:\/\/materiais.extraplast.com.br\/catalogo-extraplast\" target=\"_blank\" rel=\"noopener\">CLIQUE AQUI<\/a><\/p>\n<h2>Crescimento cont\u00ednuo<\/h2>\n<p>Em 2022, demos mais um passo importante em nossa expans\u00e3o com a inaugura\u00e7\u00e3o da Planta II em Carazinho\/RS.<\/p>\n<p>Com uma \u00e1rea de 2.970m\u00b2 e capacidade de armazenamento de 1.300 toneladas, essa planta ampliou nossa capacidade de produ\u00e7\u00e3o e distribui\u00e7\u00e3o, permitindo atender a um n\u00famero ainda maior de produtores rurais em todo o Brasil.<\/p>\n<p>Em 2023, demos mais um salto com o in\u00edcio das atividades da Veld Manaus\/AM, uma nova unidade industrial do grupo Extraplast.<\/p>\n<p>Localizada em Manaus, a planta ocupa 4.000m\u00b2 e tem capacidade produtiva de 30 mil toneladas por ano.<\/p>\n<p>Essa unidade \u00e9 respons\u00e1vel pela produ\u00e7\u00e3o de silos e silos-bolsa, al\u00e9m de fortalecer a presen\u00e7a da Extraplast na Regi\u00e3o Norte do Brasil.<\/p>\n<p>Al\u00e9m disso, inauguramos o nosso 2\u00ba Centro de Distribui\u00e7\u00e3o, em Lu\u00eds Eduardo Magalh\u00e3es, na Bahia, com 600m\u00b2 e capacidade de armazenamento de 150 toneladas. Essa nova unidade de distribui\u00e7\u00e3o permite um atendimento ainda mais r\u00e1pido e eficiente aos nossos clientes do Nordeste.<\/p>\n<h2>Novas solu\u00e7\u00f5es para o agro<\/h2>\n<p>Em 2024, seguimos firme em nossa trajet\u00f3ria de crescimento. Inauguramos um novo parque fabril em Carazinho, Rio Grande do Sul, com 2.209m\u00b2 e capacidade de armazenamento de 600 toneladas.<\/p>\n<p>Al\u00e9m disso, avan\u00e7amos com a separa\u00e7\u00e3o da dobra de silos-bolsa e silos para silagem, otimiza\u00e7\u00e3o importante para aumentar a efici\u00eancia da nossa produ\u00e7\u00e3o.<\/p>\n<p>Outro marco de 2024 foi a nossa inser\u00e7\u00e3o no segmento de cultivos protegidos.<\/p>\n<p>Iniciamos a produ\u00e7\u00e3o pr\u00f3pria de mulching e filme, ampliando ainda mais as solu\u00e7\u00f5es oferecidas ao mercado agr\u00edcola e comprovando, mais uma vez, nossa paix\u00e3o por transformar o agro com produtos de alta qualidade e tecnologia.<\/p>\n<h2>Uma jornada movida por paix\u00e3o e inova\u00e7\u00e3o<\/h2>\n<p>Esses 15 anos de hist\u00f3ria s\u00e3o resultado de uma paix\u00e3o verdadeira pela agricultura, pelo campo e pelos produtores rurais que acreditam no nosso trabalho.<\/p>\n<p>A cada passo dado, reafirmamos nosso compromisso com a inova\u00e7\u00e3o, com a qualidade e com a entrega de solu\u00e7\u00f5es que realmente fazem a diferen\u00e7a na vida de quem cultiva a terra.<\/p>\n<p>Nosso compromisso n\u00e3o \u00e9 apenas com o mercado, mas com a transforma\u00e7\u00e3o do agro brasileiro.<\/p>\n<p>Vamos continuar crescendo, inovando e, acima de tudo, mantendo a paix\u00e3o que nos impulsiona desde o primeiro dia.<\/p>\n<p>Vamos juntos, rumo ao futuro do agro!<\/p>\n<p><a href=\"https:\/\/materiais.extraplast.com.br\/catalogo-extraplast\" target=\"_blank\" rel=\"noopener\">ENTRAR EM CONTATO<\/a><\/p>","protected":false},"excerpt":{"rendered":"<p>H\u00e1 15 anos, iniciamos nossa hist\u00f3ria com um prop\u00f3sito claro: ser mais que uma fabricante de produtos pl\u00e1sticos. Nosso olhar apaixonado sempre esteve no campo, nas necessidades dos agricultores e nas inova\u00e7\u00f5es que podem proteger cultivos.. Ao longo desses anos, evolu\u00edmos juntos ao agroneg\u00f3cio brasileiro, oferecendo solu\u00e7\u00f5es que combinam tecnologia e compromisso com a sustentabilidade. [&hellip;]<\/p>","protected":false},"author":1,"featured_media":4249,"comment_status":"open","ping_status":"open","sticky":false,"template":"","format":"standard","meta":{"footnotes":""},"categories":[18],"tags":[],"class_list":["post-4248","post","type-post","status-publish","format-standard","has-post-thumbnail","hentry","category-extraplast"],"yoast_head":"<!-- This site is optimized with the Yoast SEO plugin v26.5 - https:\/\/yoast.com\/wordpress\/plugins\/seo\/ -->\n<title>Conhe\u00e7a nossa hist\u00f3ria: H\u00e1 15 anos tendo olhos para o Agro - Extraplast<\/title>\n<meta name=\"description\" content=\"Conhe\u00e7a nossa hist\u00f3ria, com mais de 15 anos de atua\u00e7\u00e3o no agro, somos refer\u00eancia no setor, passamos por desafios e refor\u00e7amos nossa marca.\" \/>\n<meta name=\"robots\" content=\"index, follow, max-snippet:-1, max-image-preview:large, max-video-preview:-1\" \/>\n<link rel=\"canonical\" href=\"https:\/\/extraplast.com.br\/es\/blog\/conheca-nossa-historia-ha-15-anos-tendo-olhos-para-o-agro\/\" \/>\n<meta property=\"og:locale\" content=\"es_ES\" \/>\n<meta property=\"og:type\" content=\"article\" \/>\n<meta property=\"og:title\" content=\"Conhe\u00e7a nossa hist\u00f3ria: H\u00e1 15 anos tendo olhos para o Agro - Extraplast\" \/>\n<meta property=\"og:description\" content=\"Conhe\u00e7a nossa hist\u00f3ria, com mais de 15 anos de atua\u00e7\u00e3o no agro, somos refer\u00eancia no setor, passamos por desafios e refor\u00e7amos nossa marca.\" \/>\n<meta property=\"og:url\" content=\"https:\/\/extraplast.com.br\/es\/blog\/conheca-nossa-historia-ha-15-anos-tendo-olhos-para-o-agro\/\" \/>\n<meta property=\"og:site_name\" content=\"Extraplast\" \/>\n<meta property=\"article:published_time\" content=\"2025-01-20T14:58:56+00:00\" \/>\n<meta property=\"article:modified_time\" content=\"2025-05-21T14:07:12+00:00\" \/>\n<meta property=\"og:image\" content=\"https:\/\/extraplast.com.br\/wp-content\/uploads\/2025\/04\/Conheca-nossa-historia-Ha-15-anos-tendo-olhos-para-o-Agro.jpg\" \/>\n\t<meta property=\"og:image:width\" content=\"400\" \/>\n\t<meta property=\"og:image:height\" content=\"300\" \/>\n\t<meta property=\"og:image:type\" content=\"image\/jpeg\" \/>\n<meta name=\"author\" content=\"jonatas@loopa.com.br\" \/>\n<meta name=\"twitter:card\" content=\"summary_large_image\" \/>\n<meta name=\"twitter:label1\" content=\"Escrito por\" \/>\n\t<meta name=\"twitter:data1\" content=\"jonatas@loopa.com.br\" \/>\n\t<meta name=\"twitter:label2\" content=\"Tiempo de lectura\" \/>\n\t<meta name=\"twitter:data2\" content=\"7 minutos\" \/>\n<script type=\"application\/ld+json\" class=\"yoast-schema-graph\">{\"@context\":\"https:\/\/schema.org\",\"@graph\":[{\"@type\":\"Article\",\"@id\":\"https:\/\/extraplast.com.br\/blog\/conheca-nossa-historia-ha-15-anos-tendo-olhos-para-o-agro\/#article\",\"isPartOf\":{\"@id\":\"https:\/\/extraplast.com.br\/blog\/conheca-nossa-historia-ha-15-anos-tendo-olhos-para-o-agro\/\"},\"author\":{\"name\":\"jonatas@loopa.com.br\",\"@id\":\"https:\/\/extraplast.com.br\/#\/schema\/person\/7a7f8700c7e519e61a86ea7e6af19899\"},\"headline\":\"Conhe\u00e7a nossa hist\u00f3ria: H\u00e1 15 anos tendo olhos para o Agro\",\"datePublished\":\"2025-01-20T14:58:56+00:00\",\"dateModified\":\"2025-05-21T14:07:12+00:00\",\"mainEntityOfPage\":{\"@id\":\"https:\/\/extraplast.com.br\/blog\/conheca-nossa-historia-ha-15-anos-tendo-olhos-para-o-agro\/\"},\"wordCount\":1239,\"commentCount\":0,\"publisher\":{\"@id\":\"https:\/\/extraplast.com.br\/#organization\"},\"image\":{\"@id\":\"https:\/\/extraplast.com.br\/blog\/conheca-nossa-historia-ha-15-anos-tendo-olhos-para-o-agro\/#primaryimage\"},\"thumbnailUrl\":\"https:\/\/extraplast.com.br\/wp-content\/uploads\/2025\/04\/Conheca-nossa-historia-Ha-15-anos-tendo-olhos-para-o-Agro.jpg\",\"articleSection\":[\"Extraplast\"],\"inLanguage\":\"es\",\"potentialAction\":[{\"@type\":\"CommentAction\",\"name\":\"Comment\",\"target\":[\"https:\/\/extraplast.com.br\/blog\/conheca-nossa-historia-ha-15-anos-tendo-olhos-para-o-agro\/#respond\"]}]},{\"@type\":\"WebPage\",\"@id\":\"https:\/\/extraplast.com.br\/blog\/conheca-nossa-historia-ha-15-anos-tendo-olhos-para-o-agro\/\",\"url\":\"https:\/\/extraplast.com.br\/blog\/conheca-nossa-historia-ha-15-anos-tendo-olhos-para-o-agro\/\",\"name\":\"Conhe\u00e7a nossa hist\u00f3ria: H\u00e1 15 anos tendo olhos para o Agro - Extraplast\",\"isPartOf\":{\"@id\":\"https:\/\/extraplast.com.br\/#website\"},\"primaryImageOfPage\":{\"@id\":\"https:\/\/extraplast.com.br\/blog\/conheca-nossa-historia-ha-15-anos-tendo-olhos-para-o-agro\/#primaryimage\"},\"image\":{\"@id\":\"https:\/\/extraplast.com.br\/blog\/conheca-nossa-historia-ha-15-anos-tendo-olhos-para-o-agro\/#primaryimage\"},\"thumbnailUrl\":\"https:\/\/extraplast.com.br\/wp-content\/uploads\/2025\/04\/Conheca-nossa-historia-Ha-15-anos-tendo-olhos-para-o-Agro.jpg\",\"datePublished\":\"2025-01-20T14:58:56+00:00\",\"dateModified\":\"2025-05-21T14:07:12+00:00\",\"description\":\"Conhe\u00e7a nossa hist\u00f3ria, com mais de 15 anos de atua\u00e7\u00e3o no agro, somos refer\u00eancia no setor, passamos por desafios e refor\u00e7amos nossa marca.\",\"breadcrumb\":{\"@id\":\"https:\/\/extraplast.com.br\/blog\/conheca-nossa-historia-ha-15-anos-tendo-olhos-para-o-agro\/#breadcrumb\"},\"inLanguage\":\"es\",\"potentialAction\":[{\"@type\":\"ReadAction\",\"target\":[\"https:\/\/extraplast.com.br\/blog\/conheca-nossa-historia-ha-15-anos-tendo-olhos-para-o-agro\/\"]}]},{\"@type\":\"ImageObject\",\"inLanguage\":\"es\",\"@id\":\"https:\/\/extraplast.com.br\/blog\/conheca-nossa-historia-ha-15-anos-tendo-olhos-para-o-agro\/#primaryimage\",\"url\":\"https:\/\/extraplast.com.br\/wp-content\/uploads\/2025\/04\/Conheca-nossa-historia-Ha-15-anos-tendo-olhos-para-o-Agro.jpg\",\"contentUrl\":\"https:\/\/extraplast.com.br\/wp-content\/uploads\/2025\/04\/Conheca-nossa-historia-Ha-15-anos-tendo-olhos-para-o-Agro.jpg\",\"width\":400,\"height\":300,\"caption\":\"Conhe\u00e7a nossa hist\u00f3ria\"},{\"@type\":\"BreadcrumbList\",\"@id\":\"https:\/\/extraplast.com.br\/blog\/conheca-nossa-historia-ha-15-anos-tendo-olhos-para-o-agro\/#breadcrumb\",\"itemListElement\":[{\"@type\":\"ListItem\",\"position\":1,\"name\":\"In\u00edcio\",\"item\":\"https:\/\/extraplast.com.br\/\"},{\"@type\":\"ListItem\",\"position\":2,\"name\":\"Conhe\u00e7a nossa hist\u00f3ria: H\u00e1 15 anos tendo olhos para o Agro\"}]},{\"@type\":\"WebSite\",\"@id\":\"https:\/\/extraplast.com.br\/#website\",\"url\":\"https:\/\/extraplast.com.br\/\",\"name\":\"Extraplast\",\"description\":\"\",\"publisher\":{\"@id\":\"https:\/\/extraplast.com.br\/#organization\"},\"potentialAction\":[{\"@type\":\"SearchAction\",\"target\":{\"@type\":\"EntryPoint\",\"urlTemplate\":\"https:\/\/extraplast.com.br\/?s={search_term_string}\"},\"query-input\":{\"@type\":\"PropertyValueSpecification\",\"valueRequired\":true,\"valueName\":\"search_term_string\"}}],\"inLanguage\":\"es\"},{\"@type\":\"Organization\",\"@id\":\"https:\/\/extraplast.com.br\/#organization\",\"name\":\"Extraplast\",\"url\":\"https:\/\/extraplast.com.br\/\",\"logo\":{\"@type\":\"ImageObject\",\"inLanguage\":\"es\",\"@id\":\"https:\/\/extraplast.com.br\/#\/schema\/logo\/image\/\",\"url\":\"https:\/\/extraplast.com.br\/wp-content\/uploads\/2025\/04\/Logo-Extraplast.png\",\"contentUrl\":\"https:\/\/extraplast.com.br\/wp-content\/uploads\/2025\/04\/Logo-Extraplast.png\",\"width\":298,\"height\":75,\"caption\":\"Extraplast\"},\"image\":{\"@id\":\"https:\/\/extraplast.com.br\/#\/schema\/logo\/image\/\"}},{\"@type\":\"Person\",\"@id\":\"https:\/\/extraplast.com.br\/#\/schema\/person\/7a7f8700c7e519e61a86ea7e6af19899\",\"name\":\"jonatas@loopa.com.br\",\"image\":{\"@type\":\"ImageObject\",\"inLanguage\":\"es\",\"@id\":\"https:\/\/extraplast.com.br\/#\/schema\/person\/image\/\",\"url\":\"https:\/\/secure.gravatar.com\/avatar\/0278238e2817c35367da248a66c3a4d86e836641dc0a96481a025f7221a37924?s=96&d=mm&r=g\",\"contentUrl\":\"https:\/\/secure.gravatar.com\/avatar\/0278238e2817c35367da248a66c3a4d86e836641dc0a96481a025f7221a37924?s=96&d=mm&r=g\",\"caption\":\"jonatas@loopa.com.br\"},\"sameAs\":[\"https:\/\/new.extraplast.com.br\"],\"url\":\"https:\/\/extraplast.com.br\/es\/blog\/author\/jonatasloopa-com-br\/\"}]}<\/script>\n<!-- \/ Yoast SEO plugin. -->","yoast_head_json":{"title":"Conhe\u00e7a nossa hist\u00f3ria: H\u00e1 15 anos tendo olhos para o Agro - Extraplast","description":"Conhe\u00e7a nossa hist\u00f3ria, com mais de 15 anos de atua\u00e7\u00e3o no agro, somos refer\u00eancia no setor, passamos por desafios e refor\u00e7amos nossa marca.","robots":{"index":"index","follow":"follow","max-snippet":"max-snippet:-1","max-image-preview":"max-image-preview:large","max-video-preview":"max-video-preview:-1"},"canonical":"https:\/\/extraplast.com.br\/es\/blog\/conheca-nossa-historia-ha-15-anos-tendo-olhos-para-o-agro\/","og_locale":"es_ES","og_type":"article","og_title":"Conhe\u00e7a nossa hist\u00f3ria: H\u00e1 15 anos tendo olhos para o Agro - Extraplast","og_description":"Conhe\u00e7a nossa hist\u00f3ria, com mais de 15 anos de atua\u00e7\u00e3o no agro, somos refer\u00eancia no setor, passamos por desafios e refor\u00e7amos nossa marca.","og_url":"https:\/\/extraplast.com.br\/es\/blog\/conheca-nossa-historia-ha-15-anos-tendo-olhos-para-o-agro\/","og_site_name":"Extraplast","article_published_time":"2025-01-20T14:58:56+00:00","article_modified_time":"2025-05-21T14:07:12+00:00","og_image":[{"width":400,"height":300,"url":"https:\/\/extraplast.com.br\/wp-content\/uploads\/2025\/04\/Conheca-nossa-historia-Ha-15-anos-tendo-olhos-para-o-Agro.jpg","type":"image\/jpeg"}],"author":"jonatas@loopa.com.br","twitter_card":"summary_large_image","twitter_misc":{"Escrito por":"jonatas@loopa.com.br","Tiempo de lectura":"7 minutos"},"schema":{"@context":"https:\/\/schema.org","@graph":[{"@type":"Article","@id":"https:\/\/extraplast.com.br\/blog\/conheca-nossa-historia-ha-15-anos-tendo-olhos-para-o-agro\/#article","isPartOf":{"@id":"https:\/\/extraplast.com.br\/blog\/conheca-nossa-historia-ha-15-anos-tendo-olhos-para-o-agro\/"},"author":{"name":"jonatas@loopa.com.br","@id":"https:\/\/extraplast.com.br\/#\/schema\/person\/7a7f8700c7e519e61a86ea7e6af19899"},"headline":"Conhe\u00e7a nossa hist\u00f3ria: H\u00e1 15 anos tendo olhos para o Agro","datePublished":"2025-01-20T14:58:56+00:00","dateModified":"2025-05-21T14:07:12+00:00","mainEntityOfPage":{"@id":"https:\/\/extraplast.com.br\/blog\/conheca-nossa-historia-ha-15-anos-tendo-olhos-para-o-agro\/"},"wordCount":1239,"commentCount":0,"publisher":{"@id":"https:\/\/extraplast.com.br\/#organization"},"image":{"@id":"https:\/\/extraplast.com.br\/blog\/conheca-nossa-historia-ha-15-anos-tendo-olhos-para-o-agro\/#primaryimage"},"thumbnailUrl":"https:\/\/extraplast.com.br\/wp-content\/uploads\/2025\/04\/Conheca-nossa-historia-Ha-15-anos-tendo-olhos-para-o-Agro.jpg","articleSection":["Extraplast"],"inLanguage":"es","potentialAction":[{"@type":"CommentAction","name":"Comment","target":["https:\/\/extraplast.com.br\/blog\/conheca-nossa-historia-ha-15-anos-tendo-olhos-para-o-agro\/#respond"]}]},{"@type":"WebPage","@id":"https:\/\/extraplast.com.br\/blog\/conheca-nossa-historia-ha-15-anos-tendo-olhos-para-o-agro\/","url":"https:\/\/extraplast.com.br\/blog\/conheca-nossa-historia-ha-15-anos-tendo-olhos-para-o-agro\/","name":"Conhe\u00e7a nossa hist\u00f3ria: H\u00e1 15 anos tendo olhos para o Agro - Extraplast","isPartOf":{"@id":"https:\/\/extraplast.com.br\/#website"},"primaryImageOfPage":{"@id":"https:\/\/extraplast.com.br\/blog\/conheca-nossa-historia-ha-15-anos-tendo-olhos-para-o-agro\/#primaryimage"},"image":{"@id":"https:\/\/extraplast.com.br\/blog\/conheca-nossa-historia-ha-15-anos-tendo-olhos-para-o-agro\/#primaryimage"},"thumbnailUrl":"https:\/\/extraplast.com.br\/wp-content\/uploads\/2025\/04\/Conheca-nossa-historia-Ha-15-anos-tendo-olhos-para-o-Agro.jpg","datePublished":"2025-01-20T14:58:56+00:00","dateModified":"2025-05-21T14:07:12+00:00","description":"Conhe\u00e7a nossa hist\u00f3ria, com mais de 15 anos de atua\u00e7\u00e3o no agro, somos refer\u00eancia no setor, passamos por desafios e refor\u00e7amos nossa marca.","breadcrumb":{"@id":"https:\/\/extraplast.com.br\/blog\/conheca-nossa-historia-ha-15-anos-tendo-olhos-para-o-agro\/#breadcrumb"},"inLanguage":"es","potentialAction":[{"@type":"ReadAction","target":["https:\/\/extraplast.com.br\/blog\/conheca-nossa-historia-ha-15-anos-tendo-olhos-para-o-agro\/"]}]},{"@type":"ImageObject","inLanguage":"es","@id":"https:\/\/extraplast.com.br\/blog\/conheca-nossa-historia-ha-15-anos-tendo-olhos-para-o-agro\/#primaryimage","url":"https:\/\/extraplast.com.br\/wp-content\/uploads\/2025\/04\/Conheca-nossa-historia-Ha-15-anos-tendo-olhos-para-o-Agro.jpg","contentUrl":"https:\/\/extraplast.com.br\/wp-content\/uploads\/2025\/04\/Conheca-nossa-historia-Ha-15-anos-tendo-olhos-para-o-Agro.jpg","width":400,"height":300,"caption":"Conhe\u00e7a nossa hist\u00f3ria"},{"@type":"BreadcrumbList","@id":"https:\/\/extraplast.com.br\/blog\/conheca-nossa-historia-ha-15-anos-tendo-olhos-para-o-agro\/#breadcrumb","itemListElement":[{"@type":"ListItem","position":1,"name":"In\u00edcio","item":"https:\/\/extraplast.com.br\/"},{"@type":"ListItem","position":2,"name":"Conhe\u00e7a nossa hist\u00f3ria: H\u00e1 15 anos tendo olhos para o Agro"}]},{"@type":"WebSite","@id":"https:\/\/extraplast.com.br\/#website","url":"https:\/\/extraplast.com.br\/","name":"Extraplast","description":"","publisher":{"@id":"https:\/\/extraplast.com.br\/#organization"},"potentialAction":[{"@type":"SearchAction","target":{"@type":"EntryPoint","urlTemplate":"https:\/\/extraplast.com.br\/?s={search_term_string}"},"query-input":{"@type":"PropertyValueSpecification","valueRequired":true,"valueName":"search_term_string"}}],"inLanguage":"es"},{"@type":"Organization","@id":"https:\/\/extraplast.com.br\/#organization","name":"Extraplast","url":"https:\/\/extraplast.com.br\/","logo":{"@type":"ImageObject","inLanguage":"es","@id":"https:\/\/extraplast.com.br\/#\/schema\/logo\/image\/","url":"https:\/\/extraplast.com.br\/wp-content\/uploads\/2025\/04\/Logo-Extraplast.png","contentUrl":"https:\/\/extraplast.com.br\/wp-content\/uploads\/2025\/04\/Logo-Extraplast.png","width":298,"height":75,"caption":"Extraplast"},"image":{"@id":"https:\/\/extraplast.com.br\/#\/schema\/logo\/image\/"}},{"@type":"Person","@id":"https:\/\/extraplast.com.br\/#\/schema\/person\/7a7f8700c7e519e61a86ea7e6af19899","name":"jonatas@loopa.com.br","image":{"@type":"ImageObject","inLanguage":"es","@id":"https:\/\/extraplast.com.br\/#\/schema\/person\/image\/","url":"https:\/\/secure.gravatar.com\/avatar\/0278238e2817c35367da248a66c3a4d86e836641dc0a96481a025f7221a37924?s=96&d=mm&r=g","contentUrl":"https:\/\/secure.gravatar.com\/avatar\/0278238e2817c35367da248a66c3a4d86e836641dc0a96481a025f7221a37924?s=96&d=mm&r=g","caption":"jonatas@loopa.com.br"},"sameAs":["https:\/\/new.extraplast.com.br"],"url":"https:\/\/extraplast.com.br\/es\/blog\/author\/jonatasloopa-com-br\/"}]}},"_links":{"self":[{"href":"https:\/\/extraplast.com.br\/es\/wp-json\/wp\/v2\/posts\/4248","targetHints":{"allow":["GET"]}}],"collection":[{"href":"https:\/\/extraplast.com.br\/es\/wp-json\/wp\/v2\/posts"}],"about":[{"href":"https:\/\/extraplast.com.br\/es\/wp-json\/wp\/v2\/types\/post"}],"author":[{"embeddable":true,"href":"https:\/\/extraplast.com.br\/es\/wp-json\/wp\/v2\/users\/1"}],"replies":[{"embeddable":true,"href":"https:\/\/extraplast.com.br\/es\/wp-json\/wp\/v2\/comments?post=4248"}],"version-history":[{"count":3,"href":"https:\/\/extraplast.com.br\/es\/wp-json\/wp\/v2\/posts\/4248\/revisions"}],"predecessor-version":[{"id":4886,"href":"https:\/\/extraplast.com.br\/es\/wp-json\/wp\/v2\/posts\/4248\/revisions\/4886"}],"wp:featuredmedia":[{"embeddable":true,"href":"https:\/\/extraplast.com.br\/es\/wp-json\/wp\/v2\/media\/4249"}],"wp:attachment":[{"href":"https:\/\/extraplast.com.br\/es\/wp-json\/wp\/v2\/media?parent=4248"}],"wp:term":[{"taxonomy":"category","embeddable":true,"href":"https:\/\/extraplast.com.br\/es\/wp-json\/wp\/v2\/categories?post=4248"},{"taxonomy":"post_tag","embeddable":true,"href":"https:\/\/extraplast.com.br\/es\/wp-json\/wp\/v2\/tags?post=4248"}],"curies":[{"name":"wp","href":"https:\/\/api.w.org\/{rel}","templated":true}]}}